{"id":1902,"date":"2022-06-03T16:13:37","date_gmt":"2022-06-03T19:13:37","guid":{"rendered":"https:\/\/www.compararsegurodeviagem.com.br\/seguro-viagem\/?p=1902"},"modified":"2025-07-22T11:04:04","modified_gmt":"2025-07-22T14:04:04","slug":"italia-flexibiliza-medidas-sanitarias-em-relacao-a-covid-19","status":"publish","type":"post","link":"https:\/\/www.compararsegurodeviagem.com.br\/seguro-viagem\/blog\/italia-flexibiliza-medidas-sanitarias-em-relacao-a-covid-19\/","title":{"rendered":"It\u00e1lia flexibiliza medidas sanit\u00e1rias em rela\u00e7\u00e3o \u00e0 Covid-19"},"content":{"rendered":"\n<figure class=\"wp-block-image\"><img decoding=\"async\" src=\"https:\/\/viagemeturismo.abril.com.br\/wp-content\/uploads\/2016\/10\/177493849.jpeg?quality=70&amp;strip=info&amp;w=925?quality=70&amp;strip=info&amp;w=636\" href=\"\/\/viajeaqui.abril.com.br\/estabelecimentos\/italia-roma-atracao-coloseo-coliseu&quot;\" rel=\"&quot;Coliseu&quot; noopener\" &quot;O em um dos monumentos mais famosos de toda alt=\"\" title=\"\"><figcaption>iStock<\/figcaption><\/figure>\n\n\n\n<p>A partir de agora, para visitar a It\u00e1lia n\u00e3o ser\u00e1 preciso apresentar comprovante de vacina\u00e7\u00e3o, cura ou teste negativo de Covid-19.\u00a0\u00a0<\/p>\n\n\n\n<p>O pa\u00eds vem fazendo algumas mudan\u00e7as desde o in\u00edcio de maio. Eles n\u00e3o pedem mais a comprova\u00e7\u00e3o do passe de sa\u00fade (Green Pass) para poder entrar em ambientes fechados, como restaurantes e cinemas, e o formul\u00e1rio de localiza\u00e7\u00e3o dos passageiros tamb\u00e9m n\u00e3o \u00e9 mais necess\u00e1rio.&nbsp;<\/p>\n\n\n\n<p>As novas medidas foram tomadas pelo governo italiano com o intuito de facilitar e atrair mais turistas com a chegada do ver\u00e3o europeu. Mesmo com essa flexibiliza\u00e7\u00e3o o uso de m\u00e1scara ainda ser\u00e1 obrigat\u00f3rio, pelo menos at\u00e9 o dia 15 deste m\u00eas.&nbsp;<\/p>\n\n\n\n<p>Os locais obrigat\u00f3rios:<\/p>\n\n\n\n<ul class=\"wp-block-list\"><li>aeronaves que prestam servi\u00e7os de transporte comercial de passageiros;<\/li><li>navios e balsas utilizados para servi\u00e7os de transporte inter-regional;<\/li><li>trens utilizados nos servi\u00e7os de transporte ferrovi\u00e1rio de passageiros inter-regional, intermunicipal, intermunicipal noturno e de alta velocidade;<\/li><li>\u00f4nibus utilizados para servi\u00e7os de transporte de passageiros, com oferta indiferenciada, realizados na estrada de forma cont\u00ednua ou peri\u00f3dica num percurso que ligue mais de duas regi\u00f5es e com itiner\u00e1rios, hor\u00e1rios, frequ\u00eancias e pre\u00e7os pr\u00e9-estabelecidos;<\/li><li>\u00f4nibus utilizados para servi\u00e7os de aluguel com motorista;<\/li><li>meios utilizados nos servi\u00e7os de transporte p\u00fablico local ou regional;<\/li><li>meios de transporte escolar dedicados a alunos do ensino b\u00e1sico, secund\u00e1rio inferior e superior;<\/li><li>para espet\u00e1culos abertos ao p\u00fablico que se realizem em recintos fechados em salas teatrais, salas de concertos, cinemas, recintos de anima\u00e7\u00e3o e m\u00fasica ao vivo e em outros recintos cong\u00eaneres, bem como para eventos e competi\u00e7\u00f5es desportivas que se realizem em recintos fechados.<\/li><\/ul>\n\n\n\n<p>Vai viajar? N\u00e3o esque\u00e7a de contratar o seguro viagem com a melhor do mercado: <a href=\"https:\/\/www.compararsegurodeviagem.com.br\/\">Comparar<\/a>!<\/p>\n","protected":false},"excerpt":{"rendered":"<p>A partir de agora, para visitar a It\u00e1lia n\u00e3o ser\u00e1 preciso apresentar comprovante de vacina\u00e7\u00e3o, cura ou teste negativo de Covid-19.\u00a0\u00a0 O [&hellip;]<\/p>\n","protected":false},"author":2,"featured_media":0,"comment_status":"open","ping_status":"open","sticky":false,"template":"","format":"standard","meta":{"footnotes":""},"categories":[276],"tags":[],"class_list":["post-1902","post","type-post","status-publish","format-standard","hentry","category-noticias"],"_links":{"self":[{"href":"https:\/\/www.compararsegurodeviagem.com.br\/seguro-viagem\/wp-json\/wp\/v2\/posts\/1902","targetHints":{"allow":["GET"]}}],"collection":[{"href":"https:\/\/www.compararsegurodeviagem.com.br\/seguro-viagem\/wp-json\/wp\/v2\/posts"}],"about":[{"href":"https:\/\/www.compararsegurodeviagem.com.br\/seguro-viagem\/wp-json\/wp\/v2\/types\/post"}],"author":[{"embeddable":true,"href":"https:\/\/www.compararsegurodeviagem.com.br\/seguro-viagem\/wp-json\/wp\/v2\/users\/2"}],"replies":[{"embeddable":true,"href":"https:\/\/www.compararsegurodeviagem.com.br\/seguro-viagem\/wp-json\/wp\/v2\/comments?post=1902"}],"version-history":[{"count":0,"href":"https:\/\/www.compararsegurodeviagem.com.br\/seguro-viagem\/wp-json\/wp\/v2\/posts\/1902\/revisions"}],"wp:attachment":[{"href":"https:\/\/www.compararsegurodeviagem.com.br\/seguro-viagem\/wp-json\/wp\/v2\/media?parent=1902"}],"wp:term":[{"taxonomy":"category","embeddable":true,"href":"https:\/\/www.compararsegurodeviagem.com.br\/seguro-viagem\/wp-json\/wp\/v2\/categories?post=1902"},{"taxonomy":"post_tag","embeddable":true,"href":"https:\/\/www.compararsegurodeviagem.com.br\/seguro-viagem\/wp-json\/wp\/v2\/tags?post=1902"}],"curies":[{"name":"wp","href":"https:\/\/api.w.org\/{rel}","templated":true}]}}