{"id":1972,"date":"2022-07-29T15:23:23","date_gmt":"2022-07-29T18:23:23","guid":{"rendered":"https:\/\/www.compararsegurodeviagem.com.br\/seguro-viagem\/?p=1972"},"modified":"2024-05-16T09:22:07","modified_gmt":"2024-05-16T12:22:07","slug":"comeca-hoje-o-arraial-de-belo-horizonte","status":"publish","type":"post","link":"https:\/\/www.compararsegurodeviagem.com.br\/seguro-viagem\/blog\/comeca-hoje-o-arraial-de-belo-horizonte\/","title":{"rendered":"Come\u00e7a hoje o Arraial de Belo Horizonte!"},"content":{"rendered":"\n<figure class=\"wp-block-image size-full\"><img fetchpriority=\"high\" decoding=\"async\" width=\"1008\" height=\"672\" src=\"https:\/\/www.compararsegurodeviagem.com.br\/seguro-viagem\/wp-content\/uploads\/2022\/07\/arraial-6-daniel-iglesias-belotur.webp\" alt=\"\" class=\"wp-image-1973\" title=\"\" srcset=\"https:\/\/www.compararsegurodeviagem.com.br\/seguro-viagem\/wp-content\/uploads\/2022\/07\/arraial-6-daniel-iglesias-belotur.webp 1008w, https:\/\/www.compararsegurodeviagem.com.br\/seguro-viagem\/wp-content\/uploads\/2022\/07\/arraial-6-daniel-iglesias-belotur-300x200.webp 300w, https:\/\/www.compararsegurodeviagem.com.br\/seguro-viagem\/wp-content\/uploads\/2022\/07\/arraial-6-daniel-iglesias-belotur-768x512.webp 768w\" sizes=\"(max-width: 1008px) 100vw, 1008px\" \/><figcaption>Daniel Iglesias\/Acervo Belotur<\/figcaption><\/figure>\n\n\n\n<p>Quem j\u00e1 est\u00e1 sentindo falta das festas juninas? Olha s\u00f3 um local para aproveitar uma das boas!<\/p>\n\n\n\n<p>O famoso Arraial de Belo Horizonte est\u00e1 de volta e retorna com tudo depois de dois anos sem o evento.&nbsp;&nbsp;<\/p>\n\n\n\n<p>A festa est\u00e1 na lista dos melhores destinos para aproveitar a programa\u00e7\u00e3o junina e foi eleita a\u00a0melhor das regi\u00f5es Sul e Sudeste. O evento come\u00e7a hoje e vai acontecer nos pr\u00f3ximos finais de semana.<\/p>\n\n\n\n<p>O arraial est\u00e1 com uma super programa\u00e7\u00e3o, e dentre elas est\u00e1 o Concurso Nacional de Quadrilhas, que re\u00fane competidores de todo o Brasil para disputar quem vence com a melhor coreografia.\u00a0<\/p>\n\n\n\n<p>Al\u00e9m da competi\u00e7\u00e3o, tem tamb\u00e9m cortejo junino, blitzen junina que s\u00e3o grupos de dan\u00e7arinos que surpreendem a popula\u00e7\u00e3o com apresenta\u00e7\u00f5es repentinas em todos os bairros da cidade, declama\u00e7\u00e3o de prosas, shows de artistas regionais e nacionais, concurso de pratos juninos e uma vila gastron\u00f4mica que oferece o melhor da comida mineira.<\/p>\n\n\n\n<p>N\u00e3o fique de fora dessa linda festa! Eu j\u00e1 estou pronta para ir!\u00a0\u00a0<\/p>\n\n\n\n<p><\/p>\n\n\n\n<p><strong>Confira abaixo a programa\u00e7\u00e3o:<\/strong><\/p>\n\n\n\n<p><strong>Local: <\/strong>Pra\u00e7a da Esta\u00e7\u00e3o<\/p>\n\n\n\n<p><strong>Data: 29 de julho (sexta-feira)<\/strong><\/p>\n\n\n\n<ul class=\"wp-block-list\"><li>Hor\u00e1rio: 19h<\/li><li>Atra\u00e7\u00e3o: S\u00e9rgio Guimar\u00e3es Saraiva (tablado)<\/li><li>Hor\u00e1rio: 23h<\/li><li>Atra\u00e7\u00e3o: Raquel L\u00eddia<\/li><\/ul>\n\n\n\n<p><strong>Data: 30 de julho (s\u00e1bado)<\/strong><\/p>\n\n\n\n<ul class=\"wp-block-list\"><li>Hor\u00e1rio: 23h30<\/li><li>Atra\u00e7\u00e3o: Leandro e Rom\u00e1rio<\/li><\/ul>\n\n\n\n<p><strong>Data: 31 de julho (s\u00e1bado)<\/strong><\/p>\n\n\n\n<ul class=\"wp-block-list\"><li>Hor\u00e1rio: 22h<\/li><li>Atra\u00e7\u00e3o: Lauana Prado<\/li><\/ul>\n\n\n\n<p><strong>Data: 6 de agosto (s\u00e1bado)<\/strong><\/p>\n\n\n\n<ul class=\"wp-block-list\"><li>Hor\u00e1rio: 23h30<\/li><li>Atra\u00e7\u00e3o: L\u00e9o Magalh\u00e3es<\/li><\/ul>\n\n\n\n<p><strong>Data: 7 de agosto (domingo)<\/strong><\/p>\n\n\n\n<ul class=\"wp-block-list\"><li>Hor\u00e1rio: 22h30<\/li><li>Atra\u00e7\u00e3o: Rionegro e Solim\u00f5es<\/li><\/ul>\n\n\n\n<p><strong>Data: 13 de agosto (s\u00e1bado)<\/strong><\/p>\n\n\n\n<ul class=\"wp-block-list\"><li>Hor\u00e1rio: a confirmar<\/li><li>Atra\u00e7\u00e3o: Nathan Santos<\/li><\/ul>\n\n\n\n<p><strong>Data: 14 de agosto (domingo)<\/strong><\/p>\n\n\n\n<ul class=\"wp-block-list\"><li>Hor\u00e1rio: 22h<\/li><li>Atra\u00e7\u00e3o: Especial Sesc Minas ao Luar<\/li><\/ul>\n","protected":false},"excerpt":{"rendered":"<p>Quem j\u00e1 est\u00e1 sentindo falta das festas juninas? Olha s\u00f3 um local para aproveitar uma das boas! O famoso Arraial de Belo [&hellip;]<\/p>\n","protected":false},"author":2,"featured_media":0,"comment_status":"open","ping_status":"open","sticky":false,"template":"","format":"standard","meta":{"footnotes":""},"categories":[4,276],"tags":[],"class_list":["post-1972","post","type-post","status-publish","format-standard","hentry","category-dicas-de-viagem","category-noticias"],"_links":{"self":[{"href":"https:\/\/www.compararsegurodeviagem.com.br\/seguro-viagem\/wp-json\/wp\/v2\/posts\/1972","targetHints":{"allow":["GET"]}}],"collection":[{"href":"https:\/\/www.compararsegurodeviagem.com.br\/seguro-viagem\/wp-json\/wp\/v2\/posts"}],"about":[{"href":"https:\/\/www.compararsegurodeviagem.com.br\/seguro-viagem\/wp-json\/wp\/v2\/types\/post"}],"author":[{"embeddable":true,"href":"https:\/\/www.compararsegurodeviagem.com.br\/seguro-viagem\/wp-json\/wp\/v2\/users\/2"}],"replies":[{"embeddable":true,"href":"https:\/\/www.compararsegurodeviagem.com.br\/seguro-viagem\/wp-json\/wp\/v2\/comments?post=1972"}],"version-history":[{"count":0,"href":"https:\/\/www.compararsegurodeviagem.com.br\/seguro-viagem\/wp-json\/wp\/v2\/posts\/1972\/revisions"}],"wp:attachment":[{"href":"https:\/\/www.compararsegurodeviagem.com.br\/seguro-viagem\/wp-json\/wp\/v2\/media?parent=1972"}],"wp:term":[{"taxonomy":"category","embeddable":true,"href":"https:\/\/www.compararsegurodeviagem.com.br\/seguro-viagem\/wp-json\/wp\/v2\/categories?post=1972"},{"taxonomy":"post_tag","embeddable":true,"href":"https:\/\/www.compararsegurodeviagem.com.br\/seguro-viagem\/wp-json\/wp\/v2\/tags?post=1972"}],"curies":[{"name":"wp","href":"https:\/\/api.w.org\/{rel}","templated":true}]}}