{"id":2370,"date":"2022-10-13T10:15:50","date_gmt":"2022-10-13T13:15:50","guid":{"rendered":"https:\/\/www.compararsegurodeviagem.com.br\/seguro-viagem\/?p=2370"},"modified":"2024-05-07T12:47:47","modified_gmt":"2024-05-07T15:47:47","slug":"vila-da-monica-e-inaugurada-em-gramado","status":"publish","type":"post","link":"https:\/\/www.compararsegurodeviagem.com.br\/seguro-viagem\/blog\/vila-da-monica-e-inaugurada-em-gramado\/","title":{"rendered":"Vila da M\u00f4nica \u00e9 inaugurada em Gramado"},"content":{"rendered":"\n<p><\/p>\n\n\n\n<figure class=\"wp-block-image\"><img decoding=\"async\" src=\"https:\/\/www.melhoresdestinos.com.br\/wp-content\/uploads\/2022\/10\/vila-da-monica-capa.jpg\" alt=\"\" title=\"\"><figcaption><em>Nino Bellini<\/em><\/figcaption><\/figure>\n\n\n\n<p>Um dos desenhos mais amados do Brasil e que possui at\u00e9 hoje uma legi\u00e3o de admiradores, inaugurou mais um parque e\u00a0promete ser mais um sucesso.\u00a0\u00a0<\/p>\n\n\n\n<p>A Vila da M\u00f4nica chegou em Gramado e \u00e9 toda inspirada no bairro do Limoeiro, local onde os personagens da Turma da M\u00f4nica vivem todas as suas aventuras.\u00a0<\/p>\n\n\n\n<p>Ao todo s\u00e3o mais de 30 atra\u00e7\u00f5es que prometem imergir os visitantes no universo da turma mais famosa do Brasil, e se voc\u00ea um dia quis fazer parte dessa galera precisa conhecer a Vila!<\/p>\n\n\n\n<p>Todos brinquedos contam com a participa\u00e7\u00e3o do p\u00fablico na hist\u00f3ria, na casa da M\u00f4nica eles participam de uma festa do pijama com toda a turma, e ao dormirem os visitantes acessam os sonhos e acontecem coisas m\u00e1gicas.\u00a0Imagina que m\u00e1gico?<\/p>\n\n\n\n<p>Dentre os cen\u00e1rios est\u00e3o a casa de todos os personagens, o Laborat\u00f3rio do Franjinha, a Cidade dos Carrinhos, o Canteiro de Obras, uma Cal\u00e7ada da Fama, e tamb\u00e9m um \u201chospital veterin\u00e1rio\u201d, onde os visitantes brincam de auxiliar por um dia.\u00a0<\/p>\n\n\n\n<p>Cada atra\u00e7\u00e3o da Vila \u00e9 cheia de recursos tecnol\u00f3gicos, e isso promete levar todas as pessoas ao mundo da Turma do Maur\u00edcio de Souza, independente da idade e fazerem todos se sentirem crian\u00e7as novamente.<\/p>\n\n\n\n<p>O parque est\u00e1 aberto todos os dias, das 10h \u00e0s 17h e os ingressos podem ser adquiridos pelo site da vila. <\/p>\n\n\n\n<p>Eu n\u00e3o vejo a hora de conhecer e viajar no universo da Turma da M\u00f4nica, e voc\u00ea? O que voc\u00ea achou da novidade?<\/p>\n\n\n\n<h2 class=\"wp-block-heading\">Ingressos<\/h2>\n\n\n\n<p>A entrada custa a partir\u00a0 R$ 179 por pessoa. Idosos pagam R$ 119, pessoas com defici\u00eancia t\u00eam acesso gratuito, com acompanhante pagando apenas R$ 89, quem mora em Gramado e outras cidades da regi\u00e3o tamb\u00e9m paga o mesmo valor, e tamb\u00e9m tem\u00a0 o Lote Especial <em>Golden Ticket com <\/em>ingressos vendidos a R$ 299, que d\u00e3o direito a uma pel\u00facia do coelho da M\u00f4nica. o Sans\u00e3o.<\/p>\n\n\n\n<p><\/p>\n\n\n\n<p><\/p>\n\n\n\n<p>Se for viajar, n\u00e3o esque\u00e7a de contratar o seguro viagem e viaje em seguran\u00e7a com a sua fam\u00edlia!<\/p>\n\n\n\n<p>Compre na melhor, compre na&nbsp;<a href=\"https:\/\/www.compararsegurodeviagem.com.br\/\">Comparar<\/a>!<\/p>\n","protected":false},"excerpt":{"rendered":"<p>Um dos desenhos mais amados do Brasil e que possui at\u00e9 hoje uma legi\u00e3o de admiradores, inaugurou mais um parque e\u00a0promete ser [&hellip;]<\/p>\n","protected":false},"author":2,"featured_media":0,"comment_status":"open","ping_status":"open","sticky":false,"template":"","format":"standard","meta":{"footnotes":""},"categories":[274,4],"tags":[],"class_list":["post-2370","post","type-post","status-publish","format-standard","hentry","category-destinos","category-dicas-de-viagem"],"_links":{"self":[{"href":"https:\/\/www.compararsegurodeviagem.com.br\/seguro-viagem\/wp-json\/wp\/v2\/posts\/2370","targetHints":{"allow":["GET"]}}],"collection":[{"href":"https:\/\/www.compararsegurodeviagem.com.br\/seguro-viagem\/wp-json\/wp\/v2\/posts"}],"about":[{"href":"https:\/\/www.compararsegurodeviagem.com.br\/seguro-viagem\/wp-json\/wp\/v2\/types\/post"}],"author":[{"embeddable":true,"href":"https:\/\/www.compararsegurodeviagem.com.br\/seguro-viagem\/wp-json\/wp\/v2\/users\/2"}],"replies":[{"embeddable":true,"href":"https:\/\/www.compararsegurodeviagem.com.br\/seguro-viagem\/wp-json\/wp\/v2\/comments?post=2370"}],"version-history":[{"count":0,"href":"https:\/\/www.compararsegurodeviagem.com.br\/seguro-viagem\/wp-json\/wp\/v2\/posts\/2370\/revisions"}],"wp:attachment":[{"href":"https:\/\/www.compararsegurodeviagem.com.br\/seguro-viagem\/wp-json\/wp\/v2\/media?parent=2370"}],"wp:term":[{"taxonomy":"category","embeddable":true,"href":"https:\/\/www.compararsegurodeviagem.com.br\/seguro-viagem\/wp-json\/wp\/v2\/categories?post=2370"},{"taxonomy":"post_tag","embeddable":true,"href":"https:\/\/www.compararsegurodeviagem.com.br\/seguro-viagem\/wp-json\/wp\/v2\/tags?post=2370"}],"curies":[{"name":"wp","href":"https:\/\/api.w.org\/{rel}","templated":true}]}}